{"id":2318,"date":"2014-02-08T16:25:30","date_gmt":"2014-02-08T16:25:30","guid":{"rendered":"http:\/\/www.tortoro.com.br\/blog\/?p=2318"},"modified":"2014-02-08T16:25:30","modified_gmt":"2014-02-08T16:25:30","slug":"ac-tortoro-entrega-antologia-ave-palavra-para-bibliotecas-municipais-de-ribeirao-preto","status":"publish","type":"post","link":"https:\/\/tortoro.com.br\/?p=2318","title":{"rendered":"AC T\u00d3RTORO ENTREGA ANTOLOGIA \u201c AVE, PALAVRA ! \u201c PARA BIBLIOTECAS MUNICIPAIS DE RIBEIR\u00c3O PRETO"},"content":{"rendered":"<p>Dia 8 de dezembro, \u00e0s 17 horas, houve uma reuni\u00e3o com o presidente do Instituto do Livro, Edwaldo Arantes, na Casa da Cultura. A finalidade do encontro foi a doa\u00e7\u00e3o de exemplares da Antologia Po\u00e9tica Ave, Palavra! \u00e0s Bibliotecas municipais.\u00a0 Estavam presentes Val\u00e9rio Diass , representando a Secretaria Municipal da Cultura, Ant\u00f4nio Carlos T\u00f3rtoro, um dos poetas e ilustrador da Antologia, Elza Rossato, Diretora de Fotografia do GAF (Grupo Amigos da Fotografia) e Guilherme Piga, secret\u00e1rio do GAF e autor da foto da capa.<br \/>\nAve, Palavra! foi organizada pela escritora Ely Vieitez Lisboa, apresenta textos de 38 poetas de Ribeir\u00e3o Preto, cidades da regi\u00e3o, S\u00e3o Paulo, Belo Horizonte e Rio de Janeiro. Os poemas s\u00e3o ilustrados por Artistas Pl\u00e1sticos locais e fot\u00f3grafos do GAF.\u00a0 A obra foi editada pela Funpec, com patroc\u00ednio da Institui\u00e7\u00e3o Moura Lacerda; as orelhas do livro s\u00e3o de Adriana Silva, Secret\u00e1ria da Cultura e o pr\u00f3logo do intelectual Edward Lopes.<br \/>\nO livro, que n\u00e3o \u00e9 comercializado, ser\u00e1 doado a todas as Academias de Letras do Pa\u00eds e \u00e0s bibliotecas das Escolas de Segundo Grau de Ribeir\u00e3o Preto. Ave, Palavra! \u00e9 um Projeto cultural in\u00e9dito no Brasil e a Antologia\u00a0 j\u00e1 tem recebido elogios expressivos pela beleza das ilustra\u00e7\u00f5es e pelo excelente teor liter\u00e1rio da obra.<\/p>\n<p>&nbsp;<\/p>\n<p><a href=\"https:\/\/tortoro.com.br\/wp-content\/uploads\/2014\/02\/70_9225-1.jpg\"><img loading=\"lazy\" decoding=\"async\" class=\"aligncenter size-medium wp-image-2319\" alt=\"70_9225-1\" src=\"https:\/\/tortoro.com.br\/wp-content\/uploads\/2014\/02\/70_9225-1-300x225.jpg\" width=\"300\" height=\"225\" data-wp-pid=\"2319\" srcset=\"https:\/\/tortoro.com.br\/wp-content\/uploads\/2014\/02\/70_9225-1-300x225.jpg 300w, https:\/\/tortoro.com.br\/wp-content\/uploads\/2014\/02\/70_9225-1.jpg 500w\" sizes=\"auto, (max-width: 300px) 100vw, 300px\" \/><\/a><\/p>\n","protected":false},"excerpt":{"rendered":"<p>Dia 8 de dezembro, \u00e0s 17 horas, houve uma reuni\u00e3o com o presidente do Instituto do Livro, Edwaldo Arantes, na Casa da Cultura. A finalidade do encontro foi a doa\u00e7\u00e3o de exemplares da Antologia Po\u00e9tica Ave, Palavra! \u00e0s Bibliotecas municipais.\u00a0 Estavam presentes Val\u00e9rio Diass , representando a Secretaria Municipal da Cultura, Ant\u00f4nio Carlos T\u00f3rtoro, um [&hellip;]<\/p>\n","protected":false},"author":4,"featured_media":0,"comment_status":"open","ping_status":"closed","sticky":false,"template":"","format":"standard","meta":{"footnotes":""},"categories":[4,6],"tags":[],"class_list":["post-2318","post","type-post","status-publish","format-standard","hentry","category-fotografia","category-literatura"],"_links":{"self":[{"href":"https:\/\/tortoro.com.br\/index.php?rest_route=\/wp\/v2\/posts\/2318","targetHints":{"allow":["GET"]}}],"collection":[{"href":"https:\/\/tortoro.com.br\/index.php?rest_route=\/wp\/v2\/posts"}],"about":[{"href":"https:\/\/tortoro.com.br\/index.php?rest_route=\/wp\/v2\/types\/post"}],"author":[{"embeddable":true,"href":"https:\/\/tortoro.com.br\/index.php?rest_route=\/wp\/v2\/users\/4"}],"replies":[{"embeddable":true,"href":"https:\/\/tortoro.com.br\/index.php?rest_route=%2Fwp%2Fv2%2Fcomments&post=2318"}],"version-history":[{"count":0,"href":"https:\/\/tortoro.com.br\/index.php?rest_route=\/wp\/v2\/posts\/2318\/revisions"}],"wp:attachment":[{"href":"https:\/\/tortoro.com.br\/index.php?rest_route=%2Fwp%2Fv2%2Fmedia&parent=2318"}],"wp:term":[{"taxonomy":"category","embeddable":true,"href":"https:\/\/tortoro.com.br\/index.php?rest_route=%2Fwp%2Fv2%2Fcategories&post=2318"},{"taxonomy":"post_tag","embeddable":true,"href":"https:\/\/tortoro.com.br\/index.php?rest_route=%2Fwp%2Fv2%2Ftags&post=2318"}],"curies":[{"name":"wp","href":"https:\/\/api.w.org\/{rel}","templated":true}]}}