{"id":2375,"date":"2014-02-08T16:42:55","date_gmt":"2014-02-08T16:42:55","guid":{"rendered":"http:\/\/www.tortoro.com.br\/blog\/?p=2375"},"modified":"2014-02-08T16:42:55","modified_gmt":"2014-02-08T16:42:55","slug":"antonio-carlos-tortoro-participa-da-antologia-ave-palavra","status":"publish","type":"post","link":"https:\/\/tortoro.com.br\/?p=2375","title":{"rendered":"ANT\u00d4NIO CARLOS T\u00d3RTORO PARTICIPA DA ANTOLOGIA: AVE , PALAVRA"},"content":{"rendered":"<p>Ant\u00f4nio Carlos T\u00f3rtoro participa da antologia \u201cAve, Palavra !\u201d com seu poema \u201cVoo num v\u00f4o\u201d\u00a0 e com fotos, ao lado de sua esposa , Lu Degobbi, que apresenta uma de suas\u00a0 fotos.<br \/>\nSobre a antologia a organizadora Ely Vieitez Lisboa publicou artigo no jornal A Cidade , de 18 de outubro, que segue abaixo:<br \/>\nA SOCIEDADE DOS POETAS VIVOS<br \/>\nA Antologia \u201cAve, Palavra!\u201d, organizada pela escritora Ely Vieitez Lisboa, ser\u00e1 publicada pela Editora Funpec, com lan\u00e7amento dia 17 de de novembro, na Sala dos Espelhos, Theatro Pedro II, 19 horas. Ela \u00e9 fruto de idealismo e uni\u00e3o. Nasceu o Projeto, os Poetas atenderam ao convite, os Artistas Pl\u00e1sticos da ALARP, da Soarte e do GAF (Grupo Amigos da Fotografia) enriqueceram os textos, ilustrando-os, o Instituto do Livro deu o apoio cultural e a Institui\u00e7\u00e3o Universit\u00e1ria Moura Lacerda presenteou a Cultura patrocinando a Edi\u00e7\u00e3o.<br \/>\nA obra \u00e9 primorosa, com textos iniciais de Carlos Drummond de Andrade e de Osman Lins. O pref\u00e1cio \u00e9 do grande intelectual Edward Lopes.\u00a0 S\u00e3o trinta e oito poetas de Ribeir\u00e3o Preto, cidades da regi\u00e3o, de S\u00e3o Paulo, Belo Horizonte e Rio de Janeiro. Os poemas, de excelente teor liter\u00e1rio, cantam a Palavra. Como diz Adriana Silva, Secret\u00e1ria da Cultura, nas orelhas do livro: \u201cOs poemas desta edi\u00e7\u00e3o foram selecionados a partir da tem\u00e1tica da palavra e um a um, sem linearidade, mas com prop\u00f3sito, comp\u00f5e esta obra, uma antologia comprometida com a qualidade do produto liter\u00e1rio.\u201d<br \/>\nO que impressiona e eleva a Antologia \u201cAve, Palavra!\u201d \u00e9 a unidade tem\u00e1tica e a variedade de enfoques. N\u00e3o h\u00e1 um s\u00f3 poema semelhante ao outro, uns s\u00e3o longos, como c\u00e2nticos, outros densos e sint\u00e9ticos, todos profundos e com grande dose de criatividade. O chamado foi \u00fanico, o tema singular, todavia a cosmovis\u00e3o dos poetas varia de acordo com sua vis\u00e3o de mundo.<br \/>\nPor que a Palavra, como tema? Na realidade, o g\u00eanero da poesia s\u00f3 existe, o texto s\u00f3 tem beleza, quando o poeta trabalha bem com as palavras, penetra no seu reino, como diz Drummond, tenta conhecer suas multifacetadas faces sob a face neutra. O poema s\u00f3 tem vida quando o poeta d\u00e1 plumagens novas \u00e0s palavras, aventura-se na ousadia das met\u00e1foras, inebria-se de lirismo. A cada um o Mago de Itabira pergunta: Trouxeste a chave? O poeta abre as portas dos mist\u00e9rios das palavras, vai at\u00e9 as regi\u00f5es abissais das possibilidades sem\u00e2nticas. Ele ousa, cria, d\u00e1 ritmo e beleza ao texto. E eis o poema.<br \/>\nA Antologia \u201cAve, Palavra!\u201d \u00e9 um presente \u00e0 Cultura de Ribeir\u00e3o Preto. A obra n\u00e3o ser\u00e1 vendida, destina-se \u00e0s Bibliotecas P\u00fablicas e de Faculdades, \u00e0s Casas da Cultura e ser\u00e1 enviada para todas as Academias de Letras do Pa\u00eds, inclusive \u00e0 Academia-M\u00e3e, a ABL.<br \/>\nSeu lan\u00e7amento ser\u00e1 na segunda quinzena de novembro pr\u00f3ximo, no Theatro Pedro II. Com a data e hor\u00e1rio marcados, far-se-\u00e3o os convites para o p\u00fablico que ama a poesia. Ser\u00e1, sem d\u00favida, um evento inesquec\u00edvel. Acontecimentos assim alimentam a alma, engrandecem a Cidade e comprovam que hoje, apesar de tudo, o idealismo pode florescer e dar frutos. Ave, Palavra! N\u00f3s os poetas, te saudamos!<br \/>\nPOEMA:\u00a0\u00a0 \u201c VOO NUM V\u00d4O\u201d .<\/p>\n<p>No meio da senten\u00e7a<br \/>\num abrupto abismo.<br \/>\nFalta uma ponte,<br \/>\nfalta uma palavra densa<br \/>\nno limbo do literal\u00a0 universo.<br \/>\nA correta, justa e perfeita.<br \/>\nA apropriada para a ocasi\u00e3o.<br \/>\nA que far\u00e1 ousado o verso.<\/p>\n<p>Atiro-me no espa\u00e7o aberto,<br \/>\nem meio \u00e0\u00a0 bruma densa<br \/>\nque envolve o reino das palavras.<br \/>\nMergulho em v\u00f4o cego.<br \/>\nA palavra n\u00e3o vem,<br \/>\nDescansa em seu ninho.<br \/>\nN\u00e3o encontro a chave<br \/>\nque libertar\u00e1 minha frase,<br \/>\nfranqueando meu caminho.<\/p>\n<p>V\u00f4o livre e alto.<br \/>\nRespiro a liberdade.<br \/>\nSobrev\u00f4o dicion\u00e1rios mentais,<br \/>\nprocurando reler em mem\u00f3ria<br \/>\nfragmentos de cl\u00e1ssicos.<br \/>\nEm v\u00e3o.<br \/>\nO cora\u00e7\u00e3o dispara.<br \/>\nA boca\u00a0 \u00e9 seca: o\u00a0 verbo, entalado.<br \/>\nA adrenalina encharca as m\u00e3os,<br \/>\ne os dedos pairam ansiosos<br \/>\nsobre o teclado.<br \/>\nTento um voo\u00a0 rasante,<br \/>\n\u2014 assim mesmo, sem circunflexo:<br \/>\num voo pobre, truculento, rasteiro.<br \/>\nE encontro uma palavra qualquer.<br \/>\nMas ela ainda n\u00e3o me serve.<br \/>\nQuero uma ponte popular ou\u00a0 erudita.<br \/>\nQuero uma palavra impregnada de magia,<br \/>\nque me leve por instantes a\u00a0 Machado,<br \/>\nBandeira ou Drummond,<br \/>\nn\u00e3o importando\u00a0 se\u00a0 escrita<br \/>\nsegundo a\u00a0 nova, ou velha ortografia.<\/p>\n<p>&nbsp;<\/p>\n<p>Abaixo, capa da antologia e fotos que ilustrar\u00e3o alguns dos poemas\u00a0 ( 2 de AC T\u00f3rtoro e a \u00faltima de Lu Degobbi).<\/p>\n<p>&nbsp;<\/p>\n<p><a href=\"https:\/\/tortoro.com.br\/wp-content\/uploads\/2014\/02\/5782-1.jpg\"><img loading=\"lazy\" decoding=\"async\" class=\"aligncenter size-medium wp-image-2376\" alt=\"5782-1\" src=\"https:\/\/tortoro.com.br\/wp-content\/uploads\/2014\/02\/5782-1-300x225.jpg\" width=\"300\" height=\"225\" data-wp-pid=\"2376\" srcset=\"https:\/\/tortoro.com.br\/wp-content\/uploads\/2014\/02\/5782-1-300x225.jpg 300w, https:\/\/tortoro.com.br\/wp-content\/uploads\/2014\/02\/5782-1.jpg 500w\" sizes=\"auto, (max-width: 300px) 100vw, 300px\" \/><\/a> <a href=\"https:\/\/tortoro.com.br\/wp-content\/uploads\/2014\/02\/5779-1.jpg\"><img loading=\"lazy\" decoding=\"async\" class=\"aligncenter size-medium wp-image-2377\" alt=\"5779-1\" src=\"https:\/\/tortoro.com.br\/wp-content\/uploads\/2014\/02\/5779-1-300x225.jpg\" width=\"300\" height=\"225\" data-wp-pid=\"2377\" srcset=\"https:\/\/tortoro.com.br\/wp-content\/uploads\/2014\/02\/5779-1-300x225.jpg 300w, https:\/\/tortoro.com.br\/wp-content\/uploads\/2014\/02\/5779-1.jpg 500w\" sizes=\"auto, (max-width: 300px) 100vw, 300px\" \/><\/a> <a href=\"https:\/\/tortoro.com.br\/wp-content\/uploads\/2014\/02\/5780-1.jpg\"><img loading=\"lazy\" decoding=\"async\" class=\"aligncenter size-medium wp-image-2378\" alt=\"5780-1\" src=\"https:\/\/tortoro.com.br\/wp-content\/uploads\/2014\/02\/5780-1-300x225.jpg\" width=\"300\" height=\"225\" data-wp-pid=\"2378\" srcset=\"https:\/\/tortoro.com.br\/wp-content\/uploads\/2014\/02\/5780-1-300x225.jpg 300w, https:\/\/tortoro.com.br\/wp-content\/uploads\/2014\/02\/5780-1.jpg 500w\" sizes=\"auto, (max-width: 300px) 100vw, 300px\" \/><\/a> <a href=\"https:\/\/tortoro.com.br\/wp-content\/uploads\/2014\/02\/5781-1.jpg\"><img loading=\"lazy\" decoding=\"async\" class=\"aligncenter size-medium wp-image-2379\" alt=\"5781-1\" src=\"https:\/\/tortoro.com.br\/wp-content\/uploads\/2014\/02\/5781-1-300x225.jpg\" width=\"300\" height=\"225\" data-wp-pid=\"2379\" srcset=\"https:\/\/tortoro.com.br\/wp-content\/uploads\/2014\/02\/5781-1-300x225.jpg 300w, https:\/\/tortoro.com.br\/wp-content\/uploads\/2014\/02\/5781-1.jpg 500w\" sizes=\"auto, (max-width: 300px) 100vw, 300px\" \/><\/a><\/p>\n","protected":false},"excerpt":{"rendered":"<p>Ant\u00f4nio Carlos T\u00f3rtoro participa da antologia \u201cAve, Palavra !\u201d com seu poema \u201cVoo num v\u00f4o\u201d\u00a0 e com fotos, ao lado de sua esposa , Lu Degobbi, que apresenta uma de suas\u00a0 fotos. Sobre a antologia a organizadora Ely Vieitez Lisboa publicou artigo no jornal A Cidade , de 18 de outubro, que segue abaixo: A [&hellip;]<\/p>\n","protected":false},"author":4,"featured_media":0,"comment_status":"open","ping_status":"closed","sticky":false,"template":"","format":"standard","meta":{"footnotes":""},"categories":[4,6],"tags":[],"class_list":["post-2375","post","type-post","status-publish","format-standard","hentry","category-fotografia","category-literatura"],"_links":{"self":[{"href":"https:\/\/tortoro.com.br\/index.php?rest_route=\/wp\/v2\/posts\/2375","targetHints":{"allow":["GET"]}}],"collection":[{"href":"https:\/\/tortoro.com.br\/index.php?rest_route=\/wp\/v2\/posts"}],"about":[{"href":"https:\/\/tortoro.com.br\/index.php?rest_route=\/wp\/v2\/types\/post"}],"author":[{"embeddable":true,"href":"https:\/\/tortoro.com.br\/index.php?rest_route=\/wp\/v2\/users\/4"}],"replies":[{"embeddable":true,"href":"https:\/\/tortoro.com.br\/index.php?rest_route=%2Fwp%2Fv2%2Fcomments&post=2375"}],"version-history":[{"count":0,"href":"https:\/\/tortoro.com.br\/index.php?rest_route=\/wp\/v2\/posts\/2375\/revisions"}],"wp:attachment":[{"href":"https:\/\/tortoro.com.br\/index.php?rest_route=%2Fwp%2Fv2%2Fmedia&parent=2375"}],"wp:term":[{"taxonomy":"category","embeddable":true,"href":"https:\/\/tortoro.com.br\/index.php?rest_route=%2Fwp%2Fv2%2Fcategories&post=2375"},{"taxonomy":"post_tag","embeddable":true,"href":"https:\/\/tortoro.com.br\/index.php?rest_route=%2Fwp%2Fv2%2Ftags&post=2375"}],"curies":[{"name":"wp","href":"https:\/\/api.w.org\/{rel}","templated":true}]}}