{"id":4112,"date":"2014-02-13T21:31:25","date_gmt":"2014-02-13T21:31:25","guid":{"rendered":"http:\/\/www.tortoro.com.br\/blog\/?p=4112"},"modified":"2014-02-13T21:31:25","modified_gmt":"2014-02-13T21:31:25","slug":"participacao-de-ac-tortoro-em-grupos-nao-literarios","status":"publish","type":"post","link":"https:\/\/tortoro.com.br\/?p=4112","title":{"rendered":"PARTICIPA\u00c7\u00c3O DE AC T\u00d3RTORO EM GRUPOS N\u00c3O LITER\u00c1RIOS"},"content":{"rendered":"<p align=\"left\"><span style=\"font-family: Verdana,Arial,Helvetica,sans-serif;\">Membro Fundador do CENTRO DE ESTUDOS AMERICANOS-CEA de Ribeir\u00e3o Preto ; <\/span><\/p>\n<p align=\"left\">\n<span style=\"font-family: Verdana,Arial,Helvetica,sans-serif;\">Ex- membro do CONSELHO MUNICIPAL DE CULTURA ( 94 a 99 ) de Rib. Preto (\u00e1rea de literatura ) ; <\/span><\/p>\n<p align=\"left\"><span style=\"font-family: Verdana,Arial,Helvetica,sans-serif;\">\u00a0<\/span><\/p>\n<p align=\"left\"><span style=\"font-family: Verdana,Arial,Helvetica,sans-serif;\">Ex-membro do CONPPAC\/RP- CONSELHO DE PRESERVA\u00c7\u00c3O DO PATRIM\u00d4NIO CULTURAL DO MUN. DE RIB. PRETO (97\/98\/99 e 2004) ; <\/span><\/p>\n<p align=\"left\"><span style=\"font-family: Verdana,Arial,Helvetica,sans-serif;\">\u00a0<\/span><\/p>\n<p align=\"left\"><span style=\"font-family: Verdana,Arial,Helvetica,sans-serif;\">Ex- membro do CONDEMA- CONSELHO DE DEFESA DO MEIO AMBIENTE ; <\/span><\/p>\n<p align=\"left\"><span style=\"font-family: Verdana,Arial,Helvetica,sans-serif;\">\u00a0<\/span><\/p>\n<p align=\"left\"><span style=\"font-family: Verdana,Arial,Helvetica,sans-serif;\">Ex- membro do CONSELHO MUNICIPAL DA EDUCA\u00c7\u00c3O ( Suplente 97\/98\/99\/2000\/2001-titular em 2002\/2003 e vice-presidente 2004\/2005 ) ;<\/span><\/p>\n<p align=\"left\">\n<span style=\"font-family: Verdana,Arial,Helvetica,sans-serif;\">Orador da SOCIEDADE LEGI\u00c3O BRASILEIRA CIVISMO E CULTURA\u00a0 de Rib. Preto; <\/span><\/p>\n<p align=\"left\"><span style=\"font-family: Verdana,Arial,Helvetica,sans-serif;\">\u00a0<\/span><\/p>\n<p align=\"left\"><span style=\"font-family: Verdana,Arial,Helvetica,sans-serif;\">Membro da OVJ &#8211; ORDEM DOS VELHOS JORNALISTAS (97) &#8211; Seccional Rib. Preto.<\/span><\/p>\n<p align=\"left\"><span style=\"font-family: Verdana,Arial,Helvetica,sans-serif;\">\u00a0<\/span><\/p>\n<p align=\"left\"><span style=\"font-family: Verdana,Arial,Helvetica,sans-serif;\">Ex- presidente do Conselho Deliberativo da ACRECE \u2013 ASSOCIA\u00c7\u00c3O DOS CIDAD\u00c3OS RIBEIR\u00c3OPRETANOS E CIDAD\u00c3OS EM\u00c9RITOS\u00a0 de Rib. Preto (99\/2002) . <\/span><\/p>\n<p align=\"left\">\n<span style=\"font-family: Verdana,Arial,Helvetica,sans-serif;\">Membro da Diretoria ( Vice-presidente do Conselho Fiscal) da AMISAM \u2013 Associa\u00e7\u00e3o dos Moradores do Iguatemi, Santana e M\u00e9dici (98\/99) ;<\/span><\/p>\n<p align=\"left\"><span style=\"font-family: Verdana,Arial,Helvetica,sans-serif;\">\u00a0<\/span><\/p>\n<p align=\"left\"><span style=\"font-family: Verdana,Arial,Helvetica,sans-serif;\">MEMBRO DO CONSELHO CONSULTIVO DO PR\u00caMIO DESEMPENHO \u2013 Revista LIVRE MERCADO\u00a0 &#8211; Regi\u00e3o de Rib. Preto ; <\/span><\/p>\n<p align=\"left\"><span style=\"font-family: Verdana,Arial,Helvetica,sans-serif;\">\u00a0<\/span><\/p>\n<p align=\"left\"><span style=\"font-family: Verdana,Arial,Helvetica,sans-serif;\">Coordenador , do programa \u201c\u00a0 ESPA\u00c7O ABERTO\u201d , na Radio Nova Ribeir\u00e3o \u2013 79 \u2013 entrevista com escritores\u00a0 de Ribeir\u00e3o e regi\u00e3o \u00e0s sextas-feiras ) ; <\/span><\/p>\n<p align=\"left\"><span style=\"font-family: Verdana,Arial,Helvetica,sans-serif;\">\u00a0<\/span><\/p>\n<p align=\"left\"><span style=\"font-family: Verdana,Arial,Helvetica,sans-serif;\">S\u00f3cio Fundador (idealizador) do GAV- GRUPO ANCHIETA DE VOLUNTARIADO \u2013 26\/10\/2001 \u2013 com alunos do Col\u00e9gio Anchieta ) . <\/span><\/p>\n<p align=\"left\"><span style=\"font-family: Verdana,Arial,Helvetica,sans-serif;\">\u00a0<\/span><\/p>\n<p><span style=\"font-family: Verdana,Arial,Helvetica,sans-serif;\">Criador, na ARE-Academia Ribeir\u00e3opretana de educa\u00e7\u00e3o &#8211;\u00a0 do TROF\u00c9U \u201c MEU MESTRE INESQUEC\u00cdVEL\u201d\u00a0 ( o 1\u00ba. Foi entregue ao Dr Rubem Cione em 27\/6\/03 \u2013 Categoria : Evid\u00eancia) .<\/span><\/p>\n<p>&nbsp;<\/p>\n<p><a href=\"https:\/\/tortoro.com.br\/wp-content\/uploads\/2014\/02\/sites.jpg\"><img loading=\"lazy\" decoding=\"async\" class=\"aligncenter size-medium wp-image-4113\" alt=\"sites\" src=\"https:\/\/tortoro.com.br\/wp-content\/uploads\/2014\/02\/sites-300x293.jpg\" width=\"300\" height=\"293\" data-wp-pid=\"4113\" srcset=\"https:\/\/tortoro.com.br\/wp-content\/uploads\/2014\/02\/sites-300x293.jpg 300w, https:\/\/tortoro.com.br\/wp-content\/uploads\/2014\/02\/sites.jpg 500w\" sizes=\"auto, (max-width: 300px) 100vw, 300px\" \/><\/a><\/p>\n","protected":false},"excerpt":{"rendered":"<p>Membro Fundador do CENTRO DE ESTUDOS AMERICANOS-CEA de Ribeir\u00e3o Preto ; Ex- membro do CONSELHO MUNICIPAL DE CULTURA ( 94 a 99 ) de Rib. Preto (\u00e1rea de literatura ) ; \u00a0 Ex-membro do CONPPAC\/RP- CONSELHO DE PRESERVA\u00c7\u00c3O DO PATRIM\u00d4NIO CULTURAL DO MUN. DE RIB. PRETO (97\/98\/99 e 2004) ; \u00a0 Ex- membro do CONDEMA- [&hellip;]<\/p>\n","protected":false},"author":4,"featured_media":0,"comment_status":"open","ping_status":"closed","sticky":false,"template":"","format":"standard","meta":{"footnotes":""},"categories":[9,15],"tags":[],"class_list":["post-4112","post","type-post","status-publish","format-standard","hentry","category-curriculo","category-social"],"_links":{"self":[{"href":"https:\/\/tortoro.com.br\/index.php?rest_route=\/wp\/v2\/posts\/4112","targetHints":{"allow":["GET"]}}],"collection":[{"href":"https:\/\/tortoro.com.br\/index.php?rest_route=\/wp\/v2\/posts"}],"about":[{"href":"https:\/\/tortoro.com.br\/index.php?rest_route=\/wp\/v2\/types\/post"}],"author":[{"embeddable":true,"href":"https:\/\/tortoro.com.br\/index.php?rest_route=\/wp\/v2\/users\/4"}],"replies":[{"embeddable":true,"href":"https:\/\/tortoro.com.br\/index.php?rest_route=%2Fwp%2Fv2%2Fcomments&post=4112"}],"version-history":[{"count":0,"href":"https:\/\/tortoro.com.br\/index.php?rest_route=\/wp\/v2\/posts\/4112\/revisions"}],"wp:attachment":[{"href":"https:\/\/tortoro.com.br\/index.php?rest_route=%2Fwp%2Fv2%2Fmedia&parent=4112"}],"wp:term":[{"taxonomy":"category","embeddable":true,"href":"https:\/\/tortoro.com.br\/index.php?rest_route=%2Fwp%2Fv2%2Fcategories&post=4112"},{"taxonomy":"post_tag","embeddable":true,"href":"https:\/\/tortoro.com.br\/index.php?rest_route=%2Fwp%2Fv2%2Ftags&post=4112"}],"curies":[{"name":"wp","href":"https:\/\/api.w.org\/{rel}","templated":true}]}}